{"id":891,"date":"2024-07-31T14:09:04","date_gmt":"2024-07-31T14:09:04","guid":{"rendered":"https:\/\/www.ferrier.fr\/?p=891"},"modified":"2024-08-08T12:35:19","modified_gmt":"2024-08-08T12:35:19","slug":"40-ans-chez-ferrier","status":"publish","type":"post","link":"https:\/\/www.ferrier.fr\/en\/2024\/07\/31\/40-ans-chez-ferrier\/","title":{"rendered":"40 years at Ferrier"},"content":{"rendered":"<div data-elementor-type=\"wp-post\" data-elementor-id=\"891\" class=\"elementor elementor-891\" data-elementor-post-type=\"post\">\n\t\t\t\t<div class=\"elementor-element elementor-element-1b7b174 e-flex e-con-boxed e-con e-parent\" data-id=\"1b7b174\" data-element_type=\"container\" data-e-type=\"container\">\n\t\t\t\t\t<div class=\"e-con-inner\">\n\t\t\t\t<div class=\"elementor-element elementor-element-5e573ef elementor-widget elementor-widget-heading\" data-id=\"5e573ef\" data-element_type=\"widget\" data-e-type=\"widget\" data-widget_type=\"heading.default\">\n\t\t\t\t<div class=\"elementor-widget-container\">\n\t\t\t\t\t<h2 class=\"elementor-heading-title elementor-size-default\">40 ans chez Ferrier !<\/h2>\t\t\t\t<\/div>\n\t\t\t\t<\/div>\n\t\t\t\t<div class=\"elementor-element elementor-element-7993092 elementor-widget elementor-widget-text-editor\" data-id=\"7993092\" data-element_type=\"widget\" data-e-type=\"widget\" data-widget_type=\"text-editor.default\">\n\t\t\t\t<div class=\"elementor-widget-container\">\n\t\t\t\t\t\t\t\t\t<p>Tout une vie professionnelle dans la m\u00eame Maison : Merci Mich\u00e8le ARDISSON pour ce parcours \u00e0 nos c\u00f4t\u00e9s !<\/p>\t\t\t\t\t\t\t\t<\/div>\n\t\t\t\t<\/div>\n\t\t\t\t\t<\/div>\n\t\t\t\t<\/div>\n\t\t<div class=\"elementor-element elementor-element-1e22a96 e-flex e-con-boxed e-con e-parent\" data-id=\"1e22a96\" data-element_type=\"container\" data-e-type=\"container\">\n\t\t\t\t\t<div class=\"e-con-inner\">\n\t\t\t\t<div class=\"elementor-element elementor-element-864d6b9 elementor-widget elementor-widget-image\" data-id=\"864d6b9\" data-element_type=\"widget\" data-e-type=\"widget\" data-widget_type=\"image.default\">\n\t\t\t\t<div class=\"elementor-widget-container\">\n\t\t\t\t\t\t\t\t\t\t\t\t\t\t\t<img fetchpriority=\"high\" decoding=\"async\" width=\"800\" height=\"534\" src=\"https:\/\/www.ferrier.fr\/wp-content\/uploads\/2024\/08\/Michele-Ardison-Retraite-1024x683.jpg\" class=\"attachment-large size-large wp-image-1281\" alt=\"\" srcset=\"https:\/\/www.ferrier.fr\/wp-content\/uploads\/2024\/08\/Michele-Ardison-Retraite-1024x683.jpg 1024w, https:\/\/www.ferrier.fr\/wp-content\/uploads\/2024\/08\/Michele-Ardison-Retraite-300x200.jpg 300w, https:\/\/www.ferrier.fr\/wp-content\/uploads\/2024\/08\/Michele-Ardison-Retraite-768x512.jpg 768w, https:\/\/www.ferrier.fr\/wp-content\/uploads\/2024\/08\/Michele-Ardison-Retraite.jpg 1200w\" sizes=\"(max-width: 800px) 100vw, 800px\" \/>\t\t\t\t\t\t\t\t\t\t\t\t\t\t\t<\/div>\n\t\t\t\t<\/div>\n\t\t\t\t<div class=\"elementor-element elementor-element-31cdcc7 elementor-widget elementor-widget-text-editor\" data-id=\"31cdcc7\" data-element_type=\"widget\" data-e-type=\"widget\" data-widget_type=\"text-editor.default\">\n\t\t\t\t<div class=\"elementor-widget-container\">\n\t\t\t\t\t\t\t\t\t<p><strong>Nous avons rendu hommage \u00e0 Mich\u00e8le bien s\u00fbr.<\/strong><br \/>On ne passe pas <strong>40 ans<\/strong> dans notre entreprise sans <strong>un vrai t\u00e9moignage de reconnaissance<\/strong> pour toutes ces ann\u00e9es pass\u00e9es.<\/p><p>Nous avons rendu hommage \u00e0 Mich\u00e8le sur <a href=\"https:\/\/www.linkedin.com\/feed\/update\/urn:li:activity:7212434689461022720\/\">les r\u00e9seaux.<\/a><br \/>Cf les \u00ab\u00a0tips\u00a0\u00bb de Mich\u00e8le et son \u00ab\u00a0interview en 6 questions\u00a0\u00bb\u00a0<\/p><p><strong>Interviewer<\/strong> une personne c&rsquo;est <strong>recueillir sa parole, ses convictions, ses \u00e9motions<\/strong> \u2026\u00a0<br \/><strong><span style=\"color: #ff6600;\">C&rsquo;est conserver et nourrir le r\u00e9cit de notre entreprise.<br \/><\/span><\/strong>Le t\u00e9moignage de qui nous sommes aujourd&rsquo;hui, d&rsquo;o\u00f9 nous venons, ce qui nous construit \u2026 C&rsquo;est essentiel de <strong>prendre ce temps<\/strong> ! Car cela permet de \u00a0prendre du <strong>recul<\/strong>, de <strong>v\u00e9rifier<\/strong> qu&rsquo;on <strong>garde le cap<\/strong> ou qu&rsquo;au contraire, il faut rectifier notre trajectoire.<\/p><p>Quelques semaines sont pass\u00e9es et aujourd&rsquo;hui, en relisant nos notes,<br \/>nous vous partageons 3 mots qui ont particip\u00e9 \u00e0 la long\u00e9vit\u00e9 de Mich\u00e8le chez Maison Ferrier.<\/p>\t\t\t\t\t\t\t\t<\/div>\n\t\t\t\t<\/div>\n\t\t\t\t\t<\/div>\n\t\t\t\t<\/div>\n\t\t<div class=\"elementor-element elementor-element-79bf0c8 e-flex e-con-boxed e-con e-parent\" data-id=\"79bf0c8\" data-element_type=\"container\" data-e-type=\"container\">\n\t\t\t\t\t<div class=\"e-con-inner\">\n\t\t<div class=\"elementor-element elementor-element-9aa3ad7 e-con-full e-flex e-con e-child\" data-id=\"9aa3ad7\" data-element_type=\"container\" data-e-type=\"container\">\n\t\t\t\t<div class=\"elementor-element elementor-element-279607d elementor-widget elementor-widget-heading\" data-id=\"279607d\" data-element_type=\"widget\" data-e-type=\"widget\" data-widget_type=\"heading.default\">\n\t\t\t\t<div class=\"elementor-widget-container\">\n\t\t\t\t\t<h2 class=\"elementor-heading-title elementor-size-default\">La confiance<\/h2>\t\t\t\t<\/div>\n\t\t\t\t<\/div>\n\t\t\t\t<div class=\"elementor-element elementor-element-f4ef555 elementor-widget elementor-widget-text-editor\" data-id=\"f4ef555\" data-element_type=\"widget\" data-e-type=\"widget\" data-widget_type=\"text-editor.default\">\n\t\t\t\t<div class=\"elementor-widget-container\">\n\t\t\t\t\t\t\t\t\t<p>Longtemps seule commerciale dans la fili\u00e8re fruits et l\u00e9gumes, Mich\u00e8le, comme l&rsquo;ensemble de nos collaborateurs, b\u00e9n\u00e9ficie de la <strong>confiance de l&rsquo;\u00e9quipe dirigeante<\/strong>.<br \/><strong>Un essentiel chez Maison Ferrier.<\/strong><\/p>\t\t\t\t\t\t\t\t<\/div>\n\t\t\t\t<\/div>\n\t\t\t\t<\/div>\n\t\t<div class=\"elementor-element elementor-element-0ca6084 e-con-full e-flex e-con e-child\" data-id=\"0ca6084\" data-element_type=\"container\" data-e-type=\"container\">\n\t\t\t\t<div class=\"elementor-element elementor-element-9e9f518 elementor-widget elementor-widget-heading\" data-id=\"9e9f518\" data-element_type=\"widget\" data-e-type=\"widget\" data-widget_type=\"heading.default\">\n\t\t\t\t<div class=\"elementor-widget-container\">\n\t\t\t\t\t<h2 class=\"elementor-heading-title elementor-size-default\">La promotion interne<\/h2>\t\t\t\t<\/div>\n\t\t\t\t<\/div>\n\t\t\t\t<div class=\"elementor-element elementor-element-8af9fbf elementor-widget elementor-widget-text-editor\" data-id=\"8af9fbf\" data-element_type=\"widget\" data-e-type=\"widget\" data-widget_type=\"text-editor.default\">\n\t\t\t\t<div class=\"elementor-widget-container\">\n\t\t\t\t\t\t\t\t\t<p>Nous sommes convaincus que <strong>faire grandir les personnes<\/strong>, <strong>c&rsquo;est faire grandir notre entreprise.<\/strong><br \/>Ils et elles sont nombreux chez Maison Ferrier \u00e0 avoir progress\u00e9 au sein de l&rsquo;entreprise.<\/p>\t\t\t\t\t\t\t\t<\/div>\n\t\t\t\t<\/div>\n\t\t\t\t<\/div>\n\t\t<div class=\"elementor-element elementor-element-29e8cc6 e-con-full e-flex e-con e-child\" data-id=\"29e8cc6\" data-element_type=\"container\" data-e-type=\"container\">\n\t\t\t\t<div class=\"elementor-element elementor-element-4cf0208 elementor-widget elementor-widget-heading\" data-id=\"4cf0208\" data-element_type=\"widget\" data-e-type=\"widget\" data-widget_type=\"heading.default\">\n\t\t\t\t<div class=\"elementor-widget-container\">\n\t\t\t\t\t<h2 class=\"elementor-heading-title elementor-size-default\">Des valeurs stables<\/h2>\t\t\t\t<\/div>\n\t\t\t\t<\/div>\n\t\t\t\t<div class=\"elementor-element elementor-element-4a759e2 elementor-widget elementor-widget-text-editor\" data-id=\"4a759e2\" data-element_type=\"widget\" data-e-type=\"widget\" data-widget_type=\"text-editor.default\">\n\t\t\t\t<div class=\"elementor-widget-container\">\n\t\t\t\t\t\t\t\t\t<p>Plusieurs g\u00e9n\u00e9rations se sont succ\u00e9d\u00e9es en 40 ans. La conviction que ce sont <strong>les hommes et les femmes qui font l&rsquo;entreprise<\/strong> est, elle, rest\u00e9e immuable !<\/p><p>Nous sommes attentifs au quotidien \u00e0 nos \u00e9quipes.<\/p>\t\t\t\t\t\t\t\t<\/div>\n\t\t\t\t<\/div>\n\t\t\t\t<\/div>\n\t\t\t\t\t<\/div>\n\t\t\t\t<\/div>\n\t\t\t\t<\/div>","protected":false},"excerpt":{"rendered":"<p>40 ans chez Ferrier ! Tout une vie professionnelle dans la m\u00eame Maison : Merci Mich\u00e8le ARDISSON pour ce parcours \u00e0 nos c\u00f4t\u00e9s ! Nous avons rendu hommage \u00e0 Mich\u00e8le bien s\u00fbr.On ne passe pas 40 ans dans notre entreprise sans un vrai t\u00e9moignage de reconnaissance pour toutes ces ann\u00e9es pass\u00e9es. Nous avons rendu hommage [&hellip;]<\/p>\n","protected":false},"author":2,"featured_media":1281,"comment_status":"closed","ping_status":"open","sticky":false,"template":"","format":"standard","meta":{"footnotes":""},"categories":[13],"tags":[],"class_list":["post-891","post","type-post","status-publish","format-standard","has-post-thumbnail","hentry","category-les-femmes-et-les-hommes-de-nos-equipes-maison-ferrier"],"_links":{"self":[{"href":"https:\/\/www.ferrier.fr\/en\/wp-json\/wp\/v2\/posts\/891","targetHints":{"allow":["GET"]}}],"collection":[{"href":"https:\/\/www.ferrier.fr\/en\/wp-json\/wp\/v2\/posts"}],"about":[{"href":"https:\/\/www.ferrier.fr\/en\/wp-json\/wp\/v2\/types\/post"}],"author":[{"embeddable":true,"href":"https:\/\/www.ferrier.fr\/en\/wp-json\/wp\/v2\/users\/2"}],"replies":[{"embeddable":true,"href":"https:\/\/www.ferrier.fr\/en\/wp-json\/wp\/v2\/comments?post=891"}],"version-history":[{"count":8,"href":"https:\/\/www.ferrier.fr\/en\/wp-json\/wp\/v2\/posts\/891\/revisions"}],"predecessor-version":[{"id":1284,"href":"https:\/\/www.ferrier.fr\/en\/wp-json\/wp\/v2\/posts\/891\/revisions\/1284"}],"wp:featuredmedia":[{"embeddable":true,"href":"https:\/\/www.ferrier.fr\/en\/wp-json\/wp\/v2\/media\/1281"}],"wp:attachment":[{"href":"https:\/\/www.ferrier.fr\/en\/wp-json\/wp\/v2\/media?parent=891"}],"wp:term":[{"taxonomy":"category","embeddable":true,"href":"https:\/\/www.ferrier.fr\/en\/wp-json\/wp\/v2\/categories?post=891"},{"taxonomy":"post_tag","embeddable":true,"href":"https:\/\/www.ferrier.fr\/en\/wp-json\/wp\/v2\/tags?post=891"}],"curies":[{"name":"wp","href":"https:\/\/api.w.org\/{rel}","templated":true}]}}