{"id":1879,"date":"2024-09-25T15:33:15","date_gmt":"2024-09-25T15:33:15","guid":{"rendered":"https:\/\/www.ferrier.fr\/?p=1879"},"modified":"2024-09-25T15:41:49","modified_gmt":"2024-09-25T15:41:49","slug":"le-raisin","status":"publish","type":"post","link":"https:\/\/www.ferrier.fr\/en\/2024\/09\/25\/le-raisin\/","title":{"rendered":"Grapes"},"content":{"rendered":"<div data-elementor-type=\"wp-post\" data-elementor-id=\"1879\" class=\"elementor elementor-1879\" data-elementor-post-type=\"post\">\n\t\t\t\t<div class=\"elementor-element elementor-element-692f80b e-flex e-con-boxed e-con e-parent\" data-id=\"692f80b\" data-element_type=\"container\" data-e-type=\"container\">\n\t\t\t\t\t<div class=\"e-con-inner\">\n\t\t\t\t<div class=\"elementor-element elementor-element-54e8f47 elementor-widget elementor-widget-image\" data-id=\"54e8f47\" data-element_type=\"widget\" data-e-type=\"widget\" data-widget_type=\"image.default\">\n\t\t\t\t<div class=\"elementor-widget-container\">\n\t\t\t\t\t\t\t\t\t\t\t\t\t\t\t<img fetchpriority=\"high\" decoding=\"async\" width=\"800\" height=\"960\" src=\"https:\/\/www.ferrier.fr\/wp-content\/uploads\/2024\/09\/Plateau-raisin-Maison-Ferrier-853x1024.jpg\" class=\"attachment-large size-large wp-image-1881\" alt=\"Plateau de raisin de Provence\" srcset=\"https:\/\/www.ferrier.fr\/wp-content\/uploads\/2024\/09\/Plateau-raisin-Maison-Ferrier-853x1024.jpg 853w, https:\/\/www.ferrier.fr\/wp-content\/uploads\/2024\/09\/Plateau-raisin-Maison-Ferrier-250x300.jpg 250w, https:\/\/www.ferrier.fr\/wp-content\/uploads\/2024\/09\/Plateau-raisin-Maison-Ferrier-768x922.jpg 768w, https:\/\/www.ferrier.fr\/wp-content\/uploads\/2024\/09\/Plateau-raisin-Maison-Ferrier.jpg 1000w\" sizes=\"(max-width: 800px) 100vw, 800px\" \/>\t\t\t\t\t\t\t\t\t\t\t\t\t\t\t<\/div>\n\t\t\t\t<\/div>\n\t\t\t\t\t<\/div>\n\t\t\t\t<\/div>\n\t\t<div class=\"elementor-element elementor-element-23507f2 e-flex e-con-boxed e-con e-parent\" data-id=\"23507f2\" data-element_type=\"container\" data-e-type=\"container\">\n\t\t\t\t\t<div class=\"e-con-inner\">\n\t\t\t\t<div class=\"elementor-element elementor-element-f7df684 elementor-widget elementor-widget-spacer\" data-id=\"f7df684\" data-element_type=\"widget\" data-e-type=\"widget\" data-widget_type=\"spacer.default\">\n\t\t\t\t<div class=\"elementor-widget-container\">\n\t\t\t\t\t\t\t<div class=\"elementor-spacer\">\n\t\t\t<div class=\"elementor-spacer-inner\"><\/div>\n\t\t<\/div>\n\t\t\t\t\t\t<\/div>\n\t\t\t\t<\/div>\n\t\t\t\t<div class=\"elementor-element elementor-element-9b0a55c elementor-widget elementor-widget-heading\" data-id=\"9b0a55c\" data-element_type=\"widget\" data-e-type=\"widget\" data-widget_type=\"heading.default\">\n\t\t\t\t<div class=\"elementor-widget-container\">\n\t\t\t\t\t<h2 class=\"elementor-heading-title elementor-size-default\">La saison du raisin bat son plein !<\/h2>\t\t\t\t<\/div>\n\t\t\t\t<\/div>\n\t\t\t\t<div class=\"elementor-element elementor-element-66e15cc elementor-widget elementor-widget-text-editor\" data-id=\"66e15cc\" data-element_type=\"widget\" data-e-type=\"widget\" data-widget_type=\"text-editor.default\">\n\t\t\t\t<div class=\"elementor-widget-container\">\n\t\t\t\t\t\t\t\t\t<p>C&rsquo;est la saison, du raisin chez Maison Ferrier.<\/p><p>\ud83c\uddeb\ud83c\uddf7 En Provence, la r\u00e9colte du raisin de table bat son plein !<br \/>L\u2019offre actuelle : les vari\u00e9t\u00e9s Alphonse-Lavall\u00e9e et le Muscat.\u00a0<\/p><p>Un go\u00fbt sucr\u00e9, des grains fermes et juteux, laissez-vous s\u00e9duire et surtout s\u00e9duisez vos clients !<\/p><p>Contactez-nous pour plus d&rsquo;informations !<\/p>\t\t\t\t\t\t\t\t<\/div>\n\t\t\t\t<\/div>\n\t\t\t\t\t<\/div>\n\t\t\t\t<\/div>\n\t\t\t\t<\/div>","protected":false},"excerpt":{"rendered":"<p>La saison du raisin bat son plein ! C&rsquo;est la saison, du raisin chez Maison Ferrier. \ud83c\uddeb\ud83c\uddf7 En Provence, la r\u00e9colte du raisin de table bat son plein !L\u2019offre actuelle : les vari\u00e9t\u00e9s Alphonse-Lavall\u00e9e et le Muscat.\u00a0 Un go\u00fbt sucr\u00e9, des grains fermes et juteux, laissez-vous s\u00e9duire et surtout s\u00e9duisez vos clients ! Contactez-nous pour [&hellip;]<\/p>\n","protected":false},"author":2,"featured_media":1881,"comment_status":"closed","ping_status":"open","sticky":false,"template":"","format":"standard","meta":{"footnotes":""},"categories":[1],"tags":[19,17,14,15,28,27,16],"class_list":["post-1879","post","type-post","status-publish","format-standard","has-post-thumbnail","hentry","category-du-cote-des-recoltes","tag-courge","tag-courgette","tag-maison-ferrier","tag-melon","tag-provence","tag-raisin","tag-salade"],"_links":{"self":[{"href":"https:\/\/www.ferrier.fr\/en\/wp-json\/wp\/v2\/posts\/1879","targetHints":{"allow":["GET"]}}],"collection":[{"href":"https:\/\/www.ferrier.fr\/en\/wp-json\/wp\/v2\/posts"}],"about":[{"href":"https:\/\/www.ferrier.fr\/en\/wp-json\/wp\/v2\/types\/post"}],"author":[{"embeddable":true,"href":"https:\/\/www.ferrier.fr\/en\/wp-json\/wp\/v2\/users\/2"}],"replies":[{"embeddable":true,"href":"https:\/\/www.ferrier.fr\/en\/wp-json\/wp\/v2\/comments?post=1879"}],"version-history":[{"count":4,"href":"https:\/\/www.ferrier.fr\/en\/wp-json\/wp\/v2\/posts\/1879\/revisions"}],"predecessor-version":[{"id":1884,"href":"https:\/\/www.ferrier.fr\/en\/wp-json\/wp\/v2\/posts\/1879\/revisions\/1884"}],"wp:featuredmedia":[{"embeddable":true,"href":"https:\/\/www.ferrier.fr\/en\/wp-json\/wp\/v2\/media\/1881"}],"wp:attachment":[{"href":"https:\/\/www.ferrier.fr\/en\/wp-json\/wp\/v2\/media?parent=1879"}],"wp:term":[{"taxonomy":"category","embeddable":true,"href":"https:\/\/www.ferrier.fr\/en\/wp-json\/wp\/v2\/categories?post=1879"},{"taxonomy":"post_tag","embeddable":true,"href":"https:\/\/www.ferrier.fr\/en\/wp-json\/wp\/v2\/tags?post=1879"}],"curies":[{"name":"wp","href":"https:\/\/api.w.org\/{rel}","templated":true}]}}